


{"id":99,"global_id":"veabrasil.org?id=99","global_id_lineage":["veabrasil.org?id=99"],"author":"1","status":"publish","date":"2026-03-03 21:58:02","date_utc":"2026-03-03 21:58:02","modified":"2026-03-09 22:30:42","modified_utc":"2026-03-09 21:30:42","url":"https:\/\/veabrasil.org\/?tribe_events=terezinha-malaquias-literarische-performance-performance-literaria","rest_url":"https:\/\/veabrasil.org\/index.php?rest_route=\/tribe\/events\/v1\/events\/99","title":"[VEA EVENT] Terezinha Malaquias: Literarische Performance \/ Performance Liter\u00e1ria","description":"<p><span data-olk-copy-source=\"MessageBody\">Terezinha, brasilianische Autorin und Multik\u00fcnstlerin, die in Freiburg lebt, arbeitet seit langer Zeit mit vielf\u00e4ltigen Ausdrucksweisen, darunter Video, Foto und Performance. F\u00fcr die Veranstaltung in Heidelberg hat sie einige ihrer Erz\u00e4hlungen und Gedichte ausgew\u00e4hlt. Die Texte erz\u00e4hlen von Frauen in ihrem Alltag, sprechen von den Beziehungen zu den Vorfahren und thematisieren erlebten Rassismus in unterschiedlichen Formen.<\/span> Sie hat dreizehn B\u00fccher geschrieben und mehrfach an der Frankfurter Buchmesse und der FLIP (Festa Liter\u00e1ria Internacional de Paraty), einem der wichtigsten literarischen Events in Brasilien, teilgenommen.<\/p>\r\n<p data-start=\"48\" data-end=\"299\">***<\/p>\r\n<p data-start=\"48\" data-end=\"299\">Terezinha \u00e9 uma autora e multiartista brasileira que vive em Freiburg e trabalha h\u00e1 anos com diversas formas de express\u00e3o, entre elas v\u00eddeo, fotografia e performance. Para o evento em Heidelberg, ela selecionou alguns de seus contos e poemas.<\/p>\r\n<p data-start=\"301\" data-end=\"446\" data-is-last-node=\"\" data-is-only-node=\"\">Os textos retratam mulheres em seu cotidiano, abordam as rela\u00e7\u00f5es com os antepassados e tematizam o racismo vivenciado em suas diferentes formas.<\/p>\r\n<p data-start=\"301\" data-end=\"446\" data-is-last-node=\"\" data-is-only-node=\"\">Ela escreveu treze livros e participou diversas vezes da <span class=\"hover:entity-accent entity-underline inline cursor-pointer align-baseline\"><span class=\"whitespace-normal\">Frankfurter Buchmesse<\/span><\/span> e da <span class=\"hover:entity-accent entity-underline inline cursor-pointer align-baseline\"><span class=\"whitespace-normal\">FLIP &#8211; Festa Liter\u00e1ria Internacional de Paraty<\/span><\/span>, um dos eventos liter\u00e1rios mais importantes do Brasil.<\/p>","excerpt":"","slug":"terezinha-malaquias-literarische-performance-performance-literaria","image":{"url":"https:\/\/veabrasil.org\/wp-content\/uploads\/2026\/03\/terezinha.jpg","id":315,"extension":"jpg","width":501,"height":667,"filesize":349222,"sizes":{"medium":{"width":225,"height":300,"mime-type":"image\/jpeg","filesize":18163,"url":"https:\/\/veabrasil.org\/wp-content\/uploads\/2026\/03\/terezinha-225x300.jpg"},"thumbnail":{"width":150,"height":150,"mime-type":"image\/jpeg","filesize":8043,"url":"https:\/\/veabrasil.org\/wp-content\/uploads\/2026\/03\/terezinha-150x150.jpg"},"toujours-banner":{"width":501,"height":600,"mime-type":"image\/jpeg","filesize":63886,"url":"https:\/\/veabrasil.org\/wp-content\/uploads\/2026\/03\/terezinha-501x600.jpg"},"toujours-trio":{"width":501,"height":383,"mime-type":"image\/jpeg","filesize":40889,"url":"https:\/\/veabrasil.org\/wp-content\/uploads\/2026\/03\/terezinha-501x383.jpg"},"toujours-site-logo":{"width":300,"height":400,"mime-type":"image\/jpeg","filesize":28362,"url":"https:\/\/veabrasil.org\/wp-content\/uploads\/2026\/03\/terezinha-300x400.jpg"}}},"all_day":false,"start_date":"2026-03-26 19:00:00","start_date_details":{"year":"2026","month":"03","day":"26","hour":"19","minutes":"00","seconds":"00"},"end_date":"2026-03-26 20:00:00","end_date_details":{"year":"2026","month":"03","day":"26","hour":"20","minutes":"00","seconds":"00"},"utc_start_date":"2026-03-26 19:00:00","utc_start_date_details":{"year":"2026","month":"03","day":"26","hour":"19","minutes":"00","seconds":"00"},"utc_end_date":"2026-03-26 20:00:00","utc_end_date_details":{"year":"2026","month":"03","day":"26","hour":"20","minutes":"00","seconds":"00"},"timezone":"UTC+0","timezone_abbr":"UTC+0","cost":"Kostenlos","cost_details":{"currency_symbol":"\u20ac","currency_code":"EUR","currency_position":"suffix","values":["0"]},"website":"https:\/\/ww2.heidelberg.de\/stadtblatt\/2026\/flipbook\/Programm-Internationale-Wochen-gegen-Rassismus-2026\/68-69\/","show_map":true,"show_map_link":true,"hide_from_listings":false,"sticky":true,"featured":true,"categories":[],"tags":[],"venue":{"id":101,"author":"1","status":"publish","date":"2026-03-03 21:58:02","date_utc":"2026-03-03 21:58:02","modified":"2026-03-03 21:58:02","modified_utc":"2026-03-03 21:58:02","url":"https:\/\/veabrasil.org\/?tribe_venue=voelkerkundemuseum","venue":"V\u00f6lkerkundemuseum","slug":"voelkerkundemuseum","address":"Hauptstrasse 235","city":"Heidelberg","country":"Germany","zip":"69117","website":"https:\/\/www.vkm-vpst.de\/termine","json_ld":{"@type":"Place","name":"V\u00f6lkerkundemuseum","description":"","url":"","address":{"@type":"PostalAddress","streetAddress":"Hauptstrasse 235","addressLocality":"Heidelberg","postalCode":"69117","addressCountry":"Germany"},"telephone":"","sameAs":"https:\/\/www.vkm-vpst.de\/termine"},"show_map":true,"show_map_link":true,"global_id":"veabrasil.org?id=101","global_id_lineage":["veabrasil.org?id=101"]},"organizer":[{"id":92,"author":"1","status":"publish","date":"2026-03-03 21:10:12","date_utc":"2026-03-03 21:10:12","modified":"2026-03-03 21:10:12","modified_utc":"2026-03-03 21:10:12","url":"https:\/\/veabrasil.org\/?tribe_organizer=interkulturelles-zentrum","organizer":"Interkulturelles Zentrum","slug":"interkulturelles-zentrum","website":"https:\/\/www.iz-heidelberg.de\/startseite","json_ld":{"@type":"Person","name":"Interkulturelles Zentrum","description":"","url":"https:\/\/www.iz-heidelberg.de\/startseite","telephone":"","email":"","sameAs":"https:\/\/www.iz-heidelberg.de\/startseite"},"global_id":"veabrasil.org?id=92","global_id_lineage":["veabrasil.org?id=92"]}],"custom_fields":[],"json_ld":{"@context":"http:\/\/schema.org","@type":"Event","name":"[VEA EVENT] Terezinha Malaquias: Literarische Performance \/ Performance Liter\u00e1ria","description":"&lt;p&gt;Terezinha, brasilianische Autorin und Multik\u00fcnstlerin, die in Freiburg lebt, arbeitet seit langer Zeit mit vielf\u00e4ltigen Ausdrucksweisen, darunter Video, Foto und Performance. F\u00fcr die Veranstaltung in Heidelberg hat sie einige ihrer Erz\u00e4hlungen und Gedichte ausgew\u00e4hlt. Die&hellip; &lt;a href=&quot;https:\/\/veabrasil.org\/?tribe_events=terezinha-malaquias-literarische-performance-performance-literaria&quot;&gt;Mehr&lt;\/a&gt;&lt;\/p&gt;\\n","image":"https:\/\/veabrasil.org\/wp-content\/uploads\/2026\/03\/terezinha.jpg","url":"https:\/\/veabrasil.org\/?tribe_events=terezinha-malaquias-literarische-performance-performance-literaria","eventAttendanceMode":"https:\/\/schema.org\/OfflineEventAttendanceMode","eventStatus":"https:\/\/schema.org\/EventScheduled","startDate":"2026-03-26T19:00:00+00:00","endDate":"2026-03-26T20:00:00+00:00","location":{"@type":"Place","name":"V\u00f6lkerkundemuseum","description":"","url":"","address":{"@type":"PostalAddress","streetAddress":"Hauptstrasse 235","addressLocality":"Heidelberg","postalCode":"69117","addressCountry":"Germany"},"telephone":"","sameAs":"https:\/\/www.vkm-vpst.de\/termine"},"organizer":{"@type":"Person","name":"Interkulturelles Zentrum","description":"","url":"https:\/\/www.iz-heidelberg.de\/startseite","telephone":"","email":"","sameAs":"https:\/\/www.iz-heidelberg.de\/startseite"},"offers":{"@type":"Offer","price":"0","priceCurrency":"EUR","url":"https:\/\/veabrasil.org\/?tribe_events=terezinha-malaquias-literarische-performance-performance-literaria","category":"primary","availability":"inStock","validFrom":"1970-01-01T00:00:00+00:00"},"performer":"Organization"}}