


{"id":90,"global_id":"veabrasil.org?id=90","global_id_lineage":["veabrasil.org?id=90"],"author":"1","status":"publish","date":"2026-03-03 21:10:12","date_utc":"2026-03-03 21:10:12","modified":"2026-03-09 22:48:08","modified_utc":"2026-03-09 21:48:08","url":"https:\/\/veabrasil.org\/?tribe_events=internationale-woche-gegen-rassismus-semana-internacional-contra-o-racismo","rest_url":"https:\/\/veabrasil.org\/index.php?rest_route=\/tribe\/events\/v1\/events\/90","title":"[VEA EVENT] Internationale Wochen gegen Rassismus \/ Semanas Internacionais Contra o Racismo","description":"<p>Der 21. M\u00e4rz ist der Internationale Tag gegen Rassismus.<br \/>\nJedes Jahr organisieren Heidelberger Vereine, Initiativen und Institutionen Events, um Begegnungen zu schaffen, die sich auf unterschiedliche Weise mit dem Thema Rassismus auseinandersetzen. Seit 2014 koordiniert das Interkulturelle Zentrum die Wochen gegen Rassismus in Heidelberg.<\/p>\n<p>Das komplette Programm finden Sie\u00a0<a href=\"https:\/\/www.iz-heidelberg.de\/site\/IKZ\/get\/documents_E1982597562\/heidelberg\/Objektdatenbank\/Interkulturelles%20Zentrum\/FINAL_IWGR_Programmheft_2026_web.pdf\" target=\"_blank\" rel=\"noopener\">hier<\/a>.<\/p>\n<p>***<\/p>\n<p>21 de mar\u00e7o \u00e9 o Dia Internacional Contra o Racismo.<br \/>\nTodos os anos, associa\u00e7\u00f5es, iniciativas e institui\u00e7\u00f5es de Heidelberg organizam eventos para promover encontros que abordam o tema racismo de diferentes maneiras. Desde 2014, o Interkulturelles Zentrum coordena as Semanas contra o Racismo em Heidelberg.<\/p>\n<p>A programa\u00e7\u00e3o completa pode ser encontrada nesse <a href=\"https:\/\/www.iz-heidelberg.de\/site\/IKZ\/get\/documents_E1982597562\/heidelberg\/Objektdatenbank\/Interkulturelles%20Zentrum\/FINAL_IWGR_Programmheft_2026_web.pdf\" target=\"_blank\" rel=\"noopener\">link<\/a>.<\/p>","excerpt":"","slug":"internationale-woche-gegen-rassismus-semana-internacional-contra-o-racismo","image":{"url":"https:\/\/veabrasil.org\/wp-content\/uploads\/2026\/03\/2026-03-11_IWgR_SM_20263-2.jpg","id":314,"extension":"jpg","width":370,"height":377,"filesize":74768,"sizes":{"medium":{"width":294,"height":300,"mime-type":"image\/jpeg","filesize":17295,"url":"https:\/\/veabrasil.org\/wp-content\/uploads\/2026\/03\/2026-03-11_IWgR_SM_20263-2-294x300.jpg"},"thumbnail":{"width":150,"height":150,"mime-type":"image\/jpeg","filesize":6971,"url":"https:\/\/veabrasil.org\/wp-content\/uploads\/2026\/03\/2026-03-11_IWgR_SM_20263-2-150x150.jpg"}}},"all_day":true,"start_date":"2026-03-11 00:00:00","start_date_details":{"year":"2026","month":"03","day":"11","hour":"00","minutes":"00","seconds":"00"},"end_date":"2026-03-29 23:59:59","end_date_details":{"year":"2026","month":"03","day":"29","hour":"23","minutes":"59","seconds":"59"},"utc_start_date":"2026-03-11 00:00:00","utc_start_date_details":{"year":"2026","month":"03","day":"11","hour":"00","minutes":"00","seconds":"00"},"utc_end_date":"2026-03-29 23:59:59","utc_end_date_details":{"year":"2026","month":"03","day":"29","hour":"23","minutes":"59","seconds":"59"},"timezone":"UTC+0","timezone_abbr":"UTC+0","cost":"Kostenlos","cost_details":{"currency_symbol":"\u20ac","currency_code":"EUR","currency_position":"suffix","values":["0"]},"website":"https:\/\/www.iz-heidelberg.de\/projekte\/internationale+wochen+gegen+rassismus","show_map":true,"show_map_link":true,"hide_from_listings":false,"sticky":true,"featured":true,"categories":[],"tags":[],"venue":{"id":91,"author":"1","status":"publish","date":"2026-03-03 21:10:12","date_utc":"2026-03-03 21:10:12","modified":"2026-03-03 21:10:12","modified_utc":"2026-03-03 21:10:12","url":"https:\/\/veabrasil.org\/?tribe_venue=interkulturelles-zentrum","venue":"Interkulturelles Zentrum","slug":"interkulturelles-zentrum","address":"Bergheimerstr. 147","city":"Heidelberg","country":"Germany","zip":"69120","website":"https:\/\/www.iz-heidelberg.de\/projekte\/internationale+wochen+gegen+rassismus","json_ld":{"@type":"Place","name":"Interkulturelles Zentrum","description":"","url":"","address":{"@type":"PostalAddress","streetAddress":"Bergheimerstr. 147","addressLocality":"Heidelberg","postalCode":"69120","addressCountry":"Germany"},"telephone":"","sameAs":"https:\/\/www.iz-heidelberg.de\/projekte\/internationale+wochen+gegen+rassismus"},"show_map":true,"show_map_link":true,"global_id":"veabrasil.org?id=91","global_id_lineage":["veabrasil.org?id=91"]},"organizer":[{"id":92,"author":"1","status":"publish","date":"2026-03-03 21:10:12","date_utc":"2026-03-03 21:10:12","modified":"2026-03-03 21:10:12","modified_utc":"2026-03-03 21:10:12","url":"https:\/\/veabrasil.org\/?tribe_organizer=interkulturelles-zentrum","organizer":"Interkulturelles Zentrum","slug":"interkulturelles-zentrum","website":"https:\/\/www.iz-heidelberg.de\/startseite","json_ld":{"@type":"Person","name":"Interkulturelles Zentrum","description":"","url":"https:\/\/www.iz-heidelberg.de\/startseite","telephone":"","email":"","sameAs":"https:\/\/www.iz-heidelberg.de\/startseite"},"global_id":"veabrasil.org?id=92","global_id_lineage":["veabrasil.org?id=92"]}],"custom_fields":[],"json_ld":{"@context":"http:\/\/schema.org","@type":"Event","name":"[VEA EVENT] Internationale Wochen gegen Rassismus \/ Semanas Internacionais Contra o Racismo","description":"&lt;p&gt;Der 21. M\u00e4rz ist der Internationale Tag gegen Rassismus. Jedes Jahr organisieren Heidelberger Vereine, Initiativen und Institutionen Events, um Begegnungen zu schaffen, die sich auf unterschiedliche Weise mit dem Thema Rassismus auseinandersetzen. Seit 2014 koordiniert&hellip; &lt;a href=&quot;https:\/\/veabrasil.org\/?tribe_events=internationale-woche-gegen-rassismus-semana-internacional-contra-o-racismo&quot;&gt;Mehr&lt;\/a&gt;&lt;\/p&gt;\\n","image":"https:\/\/veabrasil.org\/wp-content\/uploads\/2026\/03\/2026-03-11_IWgR_SM_20263-2.jpg","url":"https:\/\/veabrasil.org\/?tribe_events=internationale-woche-gegen-rassismus-semana-internacional-contra-o-racismo","eventAttendanceMode":"https:\/\/schema.org\/OfflineEventAttendanceMode","eventStatus":"https:\/\/schema.org\/EventScheduled","startDate":"2026-03-11T00:00:00+00:00","endDate":"2026-03-29T23:59:59+00:00","location":{"@type":"Place","name":"Interkulturelles Zentrum","description":"","url":"","address":{"@type":"PostalAddress","streetAddress":"Bergheimerstr. 147","addressLocality":"Heidelberg","postalCode":"69120","addressCountry":"Germany"},"telephone":"","sameAs":"https:\/\/www.iz-heidelberg.de\/projekte\/internationale+wochen+gegen+rassismus"},"organizer":{"@type":"Person","name":"Interkulturelles Zentrum","description":"","url":"https:\/\/www.iz-heidelberg.de\/startseite","telephone":"","email":"","sameAs":"https:\/\/www.iz-heidelberg.de\/startseite"},"offers":{"@type":"Offer","price":"0","priceCurrency":"EUR","url":"https:\/\/veabrasil.org\/?tribe_events=internationale-woche-gegen-rassismus-semana-internacional-contra-o-racismo","category":"primary","availability":"inStock","validFrom":"1970-01-01T00:00:00+00:00"},"performer":"Organization"}}